{"id":67006,"date":"2026-09-04T13:54:10","date_gmt":"2026-09-04T13:54:10","guid":{"rendered":"https:\/\/site.itshrt.com\/videos\/ex-poliisi-jani-nurmi-avautuu-rikollisuudesta-maahanmuutosta-ja-poliisin-vaietuista-ongelmista\/"},"modified":"2026-09-04T13:54:10","modified_gmt":"2026-09-04T13:54:10","slug":"ex-poliisi-jani-nurmi-avautuu-rikollisuudesta-maahanmuutosta-ja-poliisin-vaietuista-ongelmista","status":"publish","type":"post","link":"https:\/\/site.itshrt.com\/videos\/ex-poliisi-jani-nurmi-avautuu-rikollisuudesta-maahanmuutosta-ja-poliisin-vaietuista-ongelmista\/","title":{"rendered":"Ex-poliisi Jani Nurmi AVAUTUU rikollisuudesta, maahanmuutosta ja poliisin vaietuista ongelmista"},"content":{"rendered":"<p> Ex-poliisi Jani Nurmi AVAUTUU rikollisuudesta, maahanmuutosta ja poliisin vaietuista ongelmista<br \/>\n<br \/>\n<script async src=\"https:\/\/pagead2.googlesyndication.com\/pagead\/js\/adsbygoogle.js?client=ca-pub-6606220950177433\"\r\n     crossorigin=\"anonymous\"><\/script>\r\n<!-- ItShrt Videos -->\r\n<ins class=\"adsbygoogle\"\r\n     style=\"display:block\"\r\n     data-ad-client=\"ca-pub-6606220950177433\"\r\n     data-ad-slot=\"8080112092\"\r\n     data-ad-format=\"auto\"\r\n     data-full-width-responsive=\"true\"><\/ins>\r\n<script>\r\n     (adsbygoogle = window.adsbygoogle || []).push({});\r\n<\/script><br \/>\n<iframe  width=\"580\" height=\"385\" src=\"https:\/\/www.youtube.com\/embed\/hdnCO3xg6iY\" frameborder=\"0\" allowfullscreen><\/iframe><\/p>\n<p>Ex-poliisi Jani Nurmi kertoo 17-vuotisen poliisiuransa varrella n\u00e4kem\u00e4st\u00e4\u00e4n rikollisuudesta, maahanmuuton aiheuttamista &#8230;<br \/>\n<script async src=\"https:\/\/pagead2.googlesyndication.com\/pagead\/js\/adsbygoogle.js?client=ca-pub-6606220950177433\"\r\n     crossorigin=\"anonymous\"><\/script>\r\n<!-- ItShrt Videos -->\r\n<ins class=\"adsbygoogle\"\r\n     style=\"display:block\"\r\n     data-ad-client=\"ca-pub-6606220950177433\"\r\n     data-ad-slot=\"8080112092\"\r\n     data-ad-format=\"auto\"\r\n     data-full-width-responsive=\"true\"><\/ins>\r\n<script>\r\n     (adsbygoogle = window.adsbygoogle || []).push({});\r\n<\/script><\/p>\n","protected":false},"excerpt":{"rendered":"<p>Ex-poliisi Jani Nurmi AVAUTUU rikollisuudesta, maahanmuutosta ja poliisin vaietuista ongelmista Ex-poliisi Jani Nurmi kertoo 17-vuotisen poliisiuransa varrella n\u00e4kem\u00e4st\u00e4\u00e4n rikollisuudesta, maahanmuuton<\/p>\n","protected":false},"author":1,"featured_media":67007,"comment_status":"","ping_status":"","sticky":false,"template":"","format":"standard","meta":{"footnotes":""},"categories":[55],"tags":[16983,130818,165915,116958,39071,165904,165901,165902,165900,165914,130813,52713,165912,130806,165903,130807,130820,165917,152785,4831,15768,165899,165905,165920,414,130814,130816,130815,152799,165908,165918,130809,165907,165916,130817,130810,165910,18829,116957,130808,130819,165913,165906,45087,38966,130811,165919,165911,165909,54387,130812],"class_list":["post-67006","post","type-post","status-publish","format-standard","has-post-thumbnail","hentry","category-podcasts","tag-16983","tag-arvonen","tag-avautuu","tag-dogg","tag-ella","tag-empatiakurssi","tag-entinen","tag-epakohdat","tag-ex-poliisi","tag-expoliisi","tag-haastattelu","tag-jani","tag-johtaminen","tag-keskustelu","tag-korruptio","tag-kuuntelija","tag-kuuntelija-podcast","tag-maahanmuutosta","tag-maahanmuutto","tag-maria","tag-media","tag-nurmi","tag-ohisalo","tag-ongelmista","tag-podcast","tag-podcast-suomeksi","tag-podcast-suomi","tag-podcastit","tag-poliisi","tag-poliisi-ella","tag-poliisin","tag-politiikka","tag-puukotus","tag-rikollisuudesta","tag-roni","tag-roni-arvonen","tag-ruisrock","tag-ruotsin","tag-snoop","tag-suomipodcast","tag-talous","tag-tarina","tag-terrori-isku","tag-tie","tag-turun","tag-uusin","tag-vaietuista","tag-valvominen","tag-varis","tag-woke","tag-yhteiskunta"],"yoast_head":"<!-- This site is optimized with the Yoast SEO plugin v24.2 - https:\/\/yoast.com\/wordpress\/plugins\/seo\/ -->\n<title>Ex-poliisi Jani Nurmi AVAUTUU rikollisuudesta, maahanmuutosta ja poliisin vaietuista ongelmista - Videos<\/title>\n<meta name=\"robots\" content=\"index, follow, max-snippet:-1, max-image-preview:large, max-video-preview:-1\" \/>\n<link rel=\"canonical\" href=\"https:\/\/site.itshrt.com\/videos\/ex-poliisi-jani-nurmi-avautuu-rikollisuudesta-maahanmuutosta-ja-poliisin-vaietuista-ongelmista\/\" \/>\n<meta property=\"og:locale\" content=\"en_US\" \/>\n<meta property=\"og:type\" content=\"article\" \/>\n<meta property=\"og:title\" content=\"Ex-poliisi Jani Nurmi AVAUTUU rikollisuudesta, maahanmuutosta ja poliisin vaietuista ongelmista - Videos\" \/>\n<meta property=\"og:description\" content=\"Ex-poliisi Jani Nurmi AVAUTUU rikollisuudesta, maahanmuutosta ja poliisin vaietuista ongelmista Ex-poliisi Jani Nurmi kertoo 17-vuotisen poliisiuransa varrella n\u00e4kem\u00e4st\u00e4\u00e4n rikollisuudesta, maahanmuuton\" \/>\n<meta property=\"og:url\" content=\"https:\/\/site.itshrt.com\/videos\/ex-poliisi-jani-nurmi-avautuu-rikollisuudesta-maahanmuutosta-ja-poliisin-vaietuista-ongelmista\/\" \/>\n<meta property=\"og:site_name\" content=\"Videos\" \/>\n<meta property=\"article:published_time\" content=\"2026-09-04T13:54:10+00:00\" \/>\n<meta property=\"og:image\" content=\"https:\/\/i.ytimg.com\/vi\/hdnCO3xg6iY\/maxresdefault.jpg\" \/>\n<meta name=\"author\" content=\"News\" \/>\n<meta name=\"twitter:card\" content=\"summary_large_image\" \/>\n<meta name=\"twitter:image\" content=\"https:\/\/i.ytimg.com\/vi\/hdnCO3xg6iY\/maxresdefault.jpg\" \/>\n<meta name=\"twitter:label1\" content=\"Written by\" \/>\n\t<meta name=\"twitter:data1\" content=\"News\" \/>\n<script type=\"application\/ld+json\" class=\"yoast-schema-graph\">{\"@context\":\"https:\/\/schema.org\",\"@graph\":[{\"@type\":\"WebPage\",\"@id\":\"https:\/\/site.itshrt.com\/videos\/ex-poliisi-jani-nurmi-avautuu-rikollisuudesta-maahanmuutosta-ja-poliisin-vaietuista-ongelmista\/\",\"url\":\"https:\/\/site.itshrt.com\/videos\/ex-poliisi-jani-nurmi-avautuu-rikollisuudesta-maahanmuutosta-ja-poliisin-vaietuista-ongelmista\/\",\"name\":\"Ex-poliisi Jani Nurmi AVAUTUU rikollisuudesta, maahanmuutosta ja poliisin vaietuista ongelmista - Videos\",\"isPartOf\":{\"@id\":\"https:\/\/site.itshrt.com\/videos\/#website\"},\"primaryImageOfPage\":{\"@id\":\"https:\/\/site.itshrt.com\/videos\/ex-poliisi-jani-nurmi-avautuu-rikollisuudesta-maahanmuutosta-ja-poliisin-vaietuista-ongelmista\/#primaryimage\"},\"image\":{\"@id\":\"https:\/\/site.itshrt.com\/videos\/ex-poliisi-jani-nurmi-avautuu-rikollisuudesta-maahanmuutosta-ja-poliisin-vaietuista-ongelmista\/#primaryimage\"},\"thumbnailUrl\":\"https:\/\/i0.wp.com\/res.cloudinary.com\/glide\/image\/fetch\/https%3A%2F%2Fi.ytimg.com%2Fvi%2FhdnCO3xg6iY%2Fmaxresdefault.jpg?w=1280&resize=1280,720&ssl=1\",\"datePublished\":\"2026-09-04T13:54:10+00:00\",\"dateModified\":\"2026-09-04T13:54:10+00:00\",\"author\":{\"@id\":\"https:\/\/site.itshrt.com\/videos\/#\/schema\/person\/1d8ae7348e048cb7984f26b4dd818ff2\"},\"breadcrumb\":{\"@id\":\"https:\/\/site.itshrt.com\/videos\/ex-poliisi-jani-nurmi-avautuu-rikollisuudesta-maahanmuutosta-ja-poliisin-vaietuista-ongelmista\/#breadcrumb\"},\"inLanguage\":\"en-US\",\"potentialAction\":[{\"@type\":\"ReadAction\",\"target\":[\"https:\/\/site.itshrt.com\/videos\/ex-poliisi-jani-nurmi-avautuu-rikollisuudesta-maahanmuutosta-ja-poliisin-vaietuista-ongelmista\/\"]}]},{\"@type\":\"ImageObject\",\"inLanguage\":\"en-US\",\"@id\":\"https:\/\/site.itshrt.com\/videos\/ex-poliisi-jani-nurmi-avautuu-rikollisuudesta-maahanmuutosta-ja-poliisin-vaietuista-ongelmista\/#primaryimage\",\"url\":\"https:\/\/i0.wp.com\/res.cloudinary.com\/glide\/image\/fetch\/https%3A%2F%2Fi.ytimg.com%2Fvi%2FhdnCO3xg6iY%2Fmaxresdefault.jpg?w=1280&resize=1280,720&ssl=1\",\"contentUrl\":\"https:\/\/i0.wp.com\/res.cloudinary.com\/glide\/image\/fetch\/https%3A%2F%2Fi.ytimg.com%2Fvi%2FhdnCO3xg6iY%2Fmaxresdefault.jpg?w=1280&resize=1280,720&ssl=1\",\"width\":1280,\"height\":720},{\"@type\":\"BreadcrumbList\",\"@id\":\"https:\/\/site.itshrt.com\/videos\/ex-poliisi-jani-nurmi-avautuu-rikollisuudesta-maahanmuutosta-ja-poliisin-vaietuista-ongelmista\/#breadcrumb\",\"itemListElement\":[{\"@type\":\"ListItem\",\"position\":1,\"name\":\"Home\",\"item\":\"https:\/\/site.itshrt.com\/videos\/\"},{\"@type\":\"ListItem\",\"position\":2,\"name\":\"Ex-poliisi Jani Nurmi AVAUTUU rikollisuudesta, maahanmuutosta ja poliisin vaietuista ongelmista\"}]},{\"@type\":\"WebSite\",\"@id\":\"https:\/\/site.itshrt.com\/videos\/#website\",\"url\":\"https:\/\/site.itshrt.com\/videos\/\",\"name\":\"Videos\",\"description\":\"\",\"potentialAction\":[{\"@type\":\"SearchAction\",\"target\":{\"@type\":\"EntryPoint\",\"urlTemplate\":\"https:\/\/site.itshrt.com\/videos\/?s={search_term_string}\"},\"query-input\":{\"@type\":\"PropertyValueSpecification\",\"valueRequired\":true,\"valueName\":\"search_term_string\"}}],\"inLanguage\":\"en-US\"},{\"@type\":\"Person\",\"@id\":\"https:\/\/site.itshrt.com\/videos\/#\/schema\/person\/1d8ae7348e048cb7984f26b4dd818ff2\",\"name\":\"News\",\"url\":\"https:\/\/site.itshrt.com\/videos\/author\/admin\/\"}]}<\/script>\n<!-- \/ Yoast SEO plugin. -->","yoast_head_json":{"title":"Ex-poliisi Jani Nurmi AVAUTUU rikollisuudesta, maahanmuutosta ja poliisin vaietuista ongelmista - Videos","robots":{"index":"index","follow":"follow","max-snippet":"max-snippet:-1","max-image-preview":"max-image-preview:large","max-video-preview":"max-video-preview:-1"},"canonical":"https:\/\/site.itshrt.com\/videos\/ex-poliisi-jani-nurmi-avautuu-rikollisuudesta-maahanmuutosta-ja-poliisin-vaietuista-ongelmista\/","og_locale":"en_US","og_type":"article","og_title":"Ex-poliisi Jani Nurmi AVAUTUU rikollisuudesta, maahanmuutosta ja poliisin vaietuista ongelmista - Videos","og_description":"Ex-poliisi Jani Nurmi AVAUTUU rikollisuudesta, maahanmuutosta ja poliisin vaietuista ongelmista Ex-poliisi Jani Nurmi kertoo 17-vuotisen poliisiuransa varrella n\u00e4kem\u00e4st\u00e4\u00e4n rikollisuudesta, maahanmuuton","og_url":"https:\/\/site.itshrt.com\/videos\/ex-poliisi-jani-nurmi-avautuu-rikollisuudesta-maahanmuutosta-ja-poliisin-vaietuista-ongelmista\/","og_site_name":"Videos","article_published_time":"2026-09-04T13:54:10+00:00","og_image":[{"url":"https:\/\/i.ytimg.com\/vi\/hdnCO3xg6iY\/maxresdefault.jpg","type":"","width":"","height":""}],"author":"News","twitter_card":"summary_large_image","twitter_image":"https:\/\/i.ytimg.com\/vi\/hdnCO3xg6iY\/maxresdefault.jpg","twitter_misc":{"Written by":"News"},"schema":{"@context":"https:\/\/schema.org","@graph":[{"@type":"WebPage","@id":"https:\/\/site.itshrt.com\/videos\/ex-poliisi-jani-nurmi-avautuu-rikollisuudesta-maahanmuutosta-ja-poliisin-vaietuista-ongelmista\/","url":"https:\/\/site.itshrt.com\/videos\/ex-poliisi-jani-nurmi-avautuu-rikollisuudesta-maahanmuutosta-ja-poliisin-vaietuista-ongelmista\/","name":"Ex-poliisi Jani Nurmi AVAUTUU rikollisuudesta, maahanmuutosta ja poliisin vaietuista ongelmista - Videos","isPartOf":{"@id":"https:\/\/site.itshrt.com\/videos\/#website"},"primaryImageOfPage":{"@id":"https:\/\/site.itshrt.com\/videos\/ex-poliisi-jani-nurmi-avautuu-rikollisuudesta-maahanmuutosta-ja-poliisin-vaietuista-ongelmista\/#primaryimage"},"image":{"@id":"https:\/\/site.itshrt.com\/videos\/ex-poliisi-jani-nurmi-avautuu-rikollisuudesta-maahanmuutosta-ja-poliisin-vaietuista-ongelmista\/#primaryimage"},"thumbnailUrl":"https:\/\/i0.wp.com\/res.cloudinary.com\/glide\/image\/fetch\/https%3A%2F%2Fi.ytimg.com%2Fvi%2FhdnCO3xg6iY%2Fmaxresdefault.jpg?w=1280&resize=1280,720&ssl=1","datePublished":"2026-09-04T13:54:10+00:00","dateModified":"2026-09-04T13:54:10+00:00","author":{"@id":"https:\/\/site.itshrt.com\/videos\/#\/schema\/person\/1d8ae7348e048cb7984f26b4dd818ff2"},"breadcrumb":{"@id":"https:\/\/site.itshrt.com\/videos\/ex-poliisi-jani-nurmi-avautuu-rikollisuudesta-maahanmuutosta-ja-poliisin-vaietuista-ongelmista\/#breadcrumb"},"inLanguage":"en-US","potentialAction":[{"@type":"ReadAction","target":["https:\/\/site.itshrt.com\/videos\/ex-poliisi-jani-nurmi-avautuu-rikollisuudesta-maahanmuutosta-ja-poliisin-vaietuista-ongelmista\/"]}]},{"@type":"ImageObject","inLanguage":"en-US","@id":"https:\/\/site.itshrt.com\/videos\/ex-poliisi-jani-nurmi-avautuu-rikollisuudesta-maahanmuutosta-ja-poliisin-vaietuista-ongelmista\/#primaryimage","url":"https:\/\/i0.wp.com\/res.cloudinary.com\/glide\/image\/fetch\/https%3A%2F%2Fi.ytimg.com%2Fvi%2FhdnCO3xg6iY%2Fmaxresdefault.jpg?w=1280&resize=1280,720&ssl=1","contentUrl":"https:\/\/i0.wp.com\/res.cloudinary.com\/glide\/image\/fetch\/https%3A%2F%2Fi.ytimg.com%2Fvi%2FhdnCO3xg6iY%2Fmaxresdefault.jpg?w=1280&resize=1280,720&ssl=1","width":1280,"height":720},{"@type":"BreadcrumbList","@id":"https:\/\/site.itshrt.com\/videos\/ex-poliisi-jani-nurmi-avautuu-rikollisuudesta-maahanmuutosta-ja-poliisin-vaietuista-ongelmista\/#breadcrumb","itemListElement":[{"@type":"ListItem","position":1,"name":"Home","item":"https:\/\/site.itshrt.com\/videos\/"},{"@type":"ListItem","position":2,"name":"Ex-poliisi Jani Nurmi AVAUTUU rikollisuudesta, maahanmuutosta ja poliisin vaietuista ongelmista"}]},{"@type":"WebSite","@id":"https:\/\/site.itshrt.com\/videos\/#website","url":"https:\/\/site.itshrt.com\/videos\/","name":"Videos","description":"","potentialAction":[{"@type":"SearchAction","target":{"@type":"EntryPoint","urlTemplate":"https:\/\/site.itshrt.com\/videos\/?s={search_term_string}"},"query-input":{"@type":"PropertyValueSpecification","valueRequired":true,"valueName":"search_term_string"}}],"inLanguage":"en-US"},{"@type":"Person","@id":"https:\/\/site.itshrt.com\/videos\/#\/schema\/person\/1d8ae7348e048cb7984f26b4dd818ff2","name":"News","url":"https:\/\/site.itshrt.com\/videos\/author\/admin\/"}]}},"magazineBlocksPostFeaturedMedia":{"thumbnail":"https:\/\/i0.wp.com\/res.cloudinary.com\/glide\/image\/fetch\/https%3A%2F%2Fi.ytimg.com%2Fvi%2FhdnCO3xg6iY%2Fmaxresdefault.jpg?w=150&resize=150,150&ssl=1","medium":"https:\/\/i0.wp.com\/res.cloudinary.com\/glide\/image\/fetch\/https%3A%2F%2Fi.ytimg.com%2Fvi%2FhdnCO3xg6iY%2Fmaxresdefault.jpg?w=300&resize=300,300&ssl=1","medium_large":"https:\/\/i0.wp.com\/res.cloudinary.com\/glide\/image\/fetch\/https%3A%2F%2Fi.ytimg.com%2Fvi%2FhdnCO3xg6iY%2Fmaxresdefault.jpg?w=768&resize=768,0&ssl=1","large":"https:\/\/i0.wp.com\/res.cloudinary.com\/glide\/image\/fetch\/https%3A%2F%2Fi.ytimg.com%2Fvi%2FhdnCO3xg6iY%2Fmaxresdefault.jpg?w=1024&resize=1024,1024&ssl=1","1536x1536":"https:\/\/i0.wp.com\/res.cloudinary.com\/glide\/image\/fetch\/https%3A%2F%2Fi.ytimg.com%2Fvi%2FhdnCO3xg6iY%2Fmaxresdefault.jpg?w=1536&resize=1536,1536&ssl=1","2048x2048":"https:\/\/i0.wp.com\/res.cloudinary.com\/glide\/image\/fetch\/https%3A%2F%2Fi.ytimg.com%2Fvi%2FhdnCO3xg6iY%2Fmaxresdefault.jpg?w=2048&resize=2048,2048&ssl=1","colormag-highlighted-post":"https:\/\/i0.wp.com\/res.cloudinary.com\/glide\/image\/fetch\/https%3A%2F%2Fi.ytimg.com%2Fvi%2FhdnCO3xg6iY%2Fmaxresdefault.jpg?w=392&resize=392,272&ssl=1","colormag-featured-post-medium":"https:\/\/i0.wp.com\/res.cloudinary.com\/glide\/image\/fetch\/https%3A%2F%2Fi.ytimg.com%2Fvi%2FhdnCO3xg6iY%2Fmaxresdefault.jpg?w=390&resize=390,205&ssl=1","colormag-featured-post-small":"https:\/\/i0.wp.com\/res.cloudinary.com\/glide\/image\/fetch\/https%3A%2F%2Fi.ytimg.com%2Fvi%2FhdnCO3xg6iY%2Fmaxresdefault.jpg?w=130&resize=130,90&ssl=1","colormag-featured-image":"https:\/\/i0.wp.com\/res.cloudinary.com\/glide\/image\/fetch\/https%3A%2F%2Fi.ytimg.com%2Fvi%2FhdnCO3xg6iY%2Fmaxresdefault.jpg?w=800&resize=800,445&ssl=1","colormag-default-news":"https:\/\/i0.wp.com\/res.cloudinary.com\/glide\/image\/fetch\/https%3A%2F%2Fi.ytimg.com%2Fvi%2FhdnCO3xg6iY%2Fmaxresdefault.jpg?w=150&resize=150,150&ssl=1","colormag-featured-image-large":"https:\/\/i0.wp.com\/res.cloudinary.com\/glide\/image\/fetch\/https%3A%2F%2Fi.ytimg.com%2Fvi%2FhdnCO3xg6iY%2Fmaxresdefault.jpg?w=1400&resize=1400,600&ssl=1","colormag-elementor-block-extra-large-thumbnail":"https:\/\/i0.wp.com\/res.cloudinary.com\/glide\/image\/fetch\/https%3A%2F%2Fi.ytimg.com%2Fvi%2FhdnCO3xg6iY%2Fmaxresdefault.jpg?w=1155&resize=1155,480&ssl=1","colormag-elementor-grid-large-thumbnail":"https:\/\/i0.wp.com\/res.cloudinary.com\/glide\/image\/fetch\/https%3A%2F%2Fi.ytimg.com%2Fvi%2FhdnCO3xg6iY%2Fmaxresdefault.jpg?w=600&resize=600,417&ssl=1","colormag-elementor-grid-small-thumbnail":"https:\/\/i0.wp.com\/res.cloudinary.com\/glide\/image\/fetch\/https%3A%2F%2Fi.ytimg.com%2Fvi%2FhdnCO3xg6iY%2Fmaxresdefault.jpg?w=285&resize=285,450&ssl=1","colormag-elementor-grid-medium-large-thumbnail":"https:\/\/i0.wp.com\/res.cloudinary.com\/glide\/image\/fetch\/https%3A%2F%2Fi.ytimg.com%2Fvi%2FhdnCO3xg6iY%2Fmaxresdefault.jpg?w=575&resize=575,198&ssl=1"},"magazineBlocksPostAuthor":{"name":"News","avatar":"https:\/\/secure.gravatar.com\/avatar\/e85cf08852547781a5f631f3713dbb5197ed4b54e32ae19c7d5769b8c8504897?s=96&d=mm&r=g"},"magazineBlocksPostCommentsNumber":false,"magazineBlocksPostExcerpt":"Ex-poliisi Jani Nurmi AVAUTUU rikollisuudesta, maahanmuutosta ja poliisin vaietuista ongelmista Ex-poliisi Jani Nurmi kertoo 17-vuotisen poliisiuransa varrella n\u00e4kem\u00e4st\u00e4\u00e4n rikollisuudesta, maahanmuuton","magazineBlocksPostCategories":["Podcasts"],"magazineBlocksPostViewCount":2,"magazineBlocksPostReadTime":1,"magazine_blocks_featured_image_url":{"full":["https:\/\/i0.wp.com\/res.cloudinary.com\/glide\/image\/fetch\/https%3A%2F%2Fi.ytimg.com%2Fvi%2FhdnCO3xg6iY%2Fmaxresdefault.jpg?w=1280&resize=1280,720&ssl=1",1280,720,false],"medium":["https:\/\/i0.wp.com\/res.cloudinary.com\/glide\/image\/fetch\/https%3A%2F%2Fi.ytimg.com%2Fvi%2FhdnCO3xg6iY%2Fmaxresdefault.jpg?w=300&resize=300,300&ssl=1",300,300,false],"thumbnail":["https:\/\/i0.wp.com\/res.cloudinary.com\/glide\/image\/fetch\/https%3A%2F%2Fi.ytimg.com%2Fvi%2FhdnCO3xg6iY%2Fmaxresdefault.jpg?w=150&resize=150,150&ssl=1",150,150,false]},"magazine_blocks_author":{"display_name":"News","author_link":"https:\/\/site.itshrt.com\/videos\/author\/admin\/"},"magazine_blocks_comment":0,"magazine_blocks_author_image":"https:\/\/secure.gravatar.com\/avatar\/e85cf08852547781a5f631f3713dbb5197ed4b54e32ae19c7d5769b8c8504897?s=96&d=mm&r=g","magazine_blocks_category":"<a href=\"#\" class=\"category-link category-link-55\">Podcasts<\/a>","_links":{"self":[{"href":"https:\/\/site.itshrt.com\/videos\/wp-json\/wp\/v2\/posts\/67006","targetHints":{"allow":["GET"]}}],"collection":[{"href":"https:\/\/site.itshrt.com\/videos\/wp-json\/wp\/v2\/posts"}],"about":[{"href":"https:\/\/site.itshrt.com\/videos\/wp-json\/wp\/v2\/types\/post"}],"author":[{"embeddable":true,"href":"https:\/\/site.itshrt.com\/videos\/wp-json\/wp\/v2\/users\/1"}],"replies":[{"embeddable":true,"href":"https:\/\/site.itshrt.com\/videos\/wp-json\/wp\/v2\/comments?post=67006"}],"version-history":[{"count":0,"href":"https:\/\/site.itshrt.com\/videos\/wp-json\/wp\/v2\/posts\/67006\/revisions"}],"wp:featuredmedia":[{"embeddable":true,"href":"https:\/\/site.itshrt.com\/videos\/wp-json\/wp\/v2\/media\/67007"}],"wp:attachment":[{"href":"https:\/\/site.itshrt.com\/videos\/wp-json\/wp\/v2\/media?parent=67006"}],"wp:term":[{"taxonomy":"category","embeddable":true,"href":"https:\/\/site.itshrt.com\/videos\/wp-json\/wp\/v2\/categories?post=67006"},{"taxonomy":"post_tag","embeddable":true,"href":"https:\/\/site.itshrt.com\/videos\/wp-json\/wp\/v2\/tags?post=67006"}],"curies":[{"name":"wp","href":"https:\/\/api.w.org\/{rel}","templated":true}]}}